{"id":767,"date":"2020-12-17T01:38:43","date_gmt":"2020-12-17T06:38:43","guid":{"rendered":"https:\/\/sevencircles.net\/spanish\/?p=767"},"modified":"2021-02-02T03:40:21","modified_gmt":"2021-02-02T08:40:21","slug":"resena-el-vapor-y-el-espejo","status":"publish","type":"post","link":"https:\/\/sevencircles.net\/spanish\/blog\/resena-el-vapor-y-el-espejo\/","title":{"rendered":"Rese\u00f1a libro &#8211; El vapor y el espejo"},"content":{"rendered":"<body><p><strong>Gibr\u00e1n Dom\u00ednguez, escritor chiapaneco,<\/strong> egresado de Ciencias Pol\u00edticas de la UANL, public\u00f3 en 2014 el libro \u201cEl vapor y el espejo\u201d a trav\u00e9s del Fondo Editorial Tierra Adentro (por lo que no deber\u00eda ser dif\u00edcil encontrar el t\u00edtulo en ferias de libros).<\/p>\n<p><strong>POR: <a href=\"https:\/\/sevencircles.net\/spanish\/blog\/category\/editores\/esaka\/\">Esaka<\/a><\/strong><\/p>\n<p>A trav\u00e9s de una historia de casi 90 p\u00e1ginas, <strong>Gibr\u00e1n nos cuenta la historia de Ram\u00f3n Alc\u00e1ntara<\/strong>, un bur\u00f3crata que no sabe tener la boca cerrada y entre malas decisiones, grupos extremistas cuasireligiosos y el bajo, muy bajo y sucio mundo de la pol\u00edtica local Chiapaneca, se entrelaza una historia donde el \u00fanico que pareciera no tener control de nada es, <strong>justamente, Alc\u00e1ntara.<\/strong><\/p>\n<p><strong>Todo comienza con el asesinato de Kidnie<\/strong>, un pol\u00edtico chiapaneco que comienza a mover las aguas en temporada de elecciones, de ah\u00ed, Alc\u00e1ntara, intentando enterarse del chisme, ahora resulta que sabe cosas, y ah\u00ed comienzan los infortunios que lo hace ver a diferentes personajes que salen y entran a escena, los \u00faltimos engranes que tienen qu\u00e9 ver directamente con \u00e9l, y ahora, <strong>buscar\u00e1 sobrevivir sin meter m\u00e1s la pata.<\/strong><\/p>\n<blockquote><p>Se trata de una novela entretenida, que seguramente disfrutar\u00e1n si les gusta el g\u00e9nero policiaco o las pel\u00edculas de Luis Estrada. Y si no, pueden darle una oportunidad y puede ser que le agarren gusto al g\u00e9nero.<\/p><\/blockquote>\n<p>Considerar\u00eda solo un punto flojo dentro de la estructura, que suele ser pecado natural del g\u00e9nero: se trata de largas explicaciones que regularmente dan sentido a las motivaciones de los distintos grupos. Y, aunque no es en s\u00ed un pecado, <strong>el problema es que en ocasiones parecieran charlas impostadas, que no se corresponden necesariamente con los personajes.<\/strong><\/p>\n<p><strong>Tambi\u00e9n entiendo que eso es una percepci\u00f3n personal y no necesariamente lo ver\u00e1n de la misma manera.<\/strong><\/p>\n<p>\u00a0<\/p>\n<p><!-- SCRIPT ALREADY LOADED IN HEADER <script async src=\"https:\/\/pagead2.googlesyndication.com\/pagead\/js\/adsbygoogle.js\"><\/script> --><br>\n<!-- AdUnit Horizontal --><br>\n<ins class=\"adsbygoogle\" style=\"display:block\" data-ad-client=\"ca-pub-3333190272068678\" data-ad-slot=\"3302503928\" data-ad-format=\"auto\" data-full-width-responsive=\"true\"><\/ins><br>\n<script>\n     (adsbygoogle = window.adsbygoogle || []).push({});\n<\/script><\/p>\n<div class=\"newspaper-x-tags\"><strong>TAGS: <\/strong><span><a href=\"https:\/\/sevencircles.net\/spanish\/blog\/tag\/analisis\/\" rel=\"tag\">an\u00e1lisis<\/a><\/span><a href=\"https:\/\/sevencircles.net\/spanish\/blog\/tag\/cuento\/\" rel=\"tag\">cuento<\/a><a href=\"https:\/\/sevencircles.net\/spanish\/blog\/tag\/fantasia\/\" rel=\"tag\">fantas\u00eda<\/a><a href=\"https:\/\/sevencircles.net\/spanish\/blog\/tag\/ficcion\/\" rel=\"tag\">Ficci\u00f3n<\/a><a href=\"https:\/\/sevencircles.net\/spanish\/blog\/tag\/libro\/\" rel=\"tag\">libro<\/a><a href=\"https:\/\/sevencircles.net\/spanish\/blog\/tag\/resena\/\" rel=\"tag\">rese\u00f1a<\/a> <\/div>\n<\/body>","protected":false},"excerpt":{"rendered":"<p>Gibr\u00e1n Dom\u00ednguez, escritor chiapaneco, egresado de Ciencias Pol\u00edticas de la UANL, public\u00f3 en 2014 el libro \u201cEl vapor y el espejo\u201d a trav\u00e9s del Fondo Editorial Tierra Adentro (por lo que no deber\u00eda ser dif\u00edcil encontrar el t\u00edtulo en ferias de libros). POR: Esaka A trav\u00e9s de una historia de casi 90 p\u00e1ginas, Gibr\u00e1n nos [&hellip;]<\/p>\n","protected":false},"author":1,"featured_media":768,"comment_status":"open","ping_status":"open","sticky":false,"template":"","format":"standard","meta":{"_jetpack_memberships_contains_paid_content":false,"footnotes":""},"categories":[1,54,53,57],"tags":[51,65,34,32,69,30],"class_list":["post-767","post","type-post","status-publish","format-standard","has-post-thumbnail","hentry","category-articulos-y-noticias","category-contenidos","category-editores","category-esaka","tag-analisis","tag-cuento","tag-fantasia","tag-ficcion","tag-libro","tag-resena"],"jetpack_featured_media_url":"https:\/\/i0.wp.com\/sevencircles.net\/spanish\/wp-content\/uploads\/sites\/3\/2020\/12\/FeaturedImageVaporYEspejo.jpg?fit=760%2C490&ssl=1","jetpack_sharing_enabled":true,"jetpack_likes_enabled":true,"_links":{"self":[{"href":"https:\/\/sevencircles.net\/spanish\/wp-json\/wp\/v2\/posts\/767","targetHints":{"allow":["GET"]}}],"collection":[{"href":"https:\/\/sevencircles.net\/spanish\/wp-json\/wp\/v2\/posts"}],"about":[{"href":"https:\/\/sevencircles.net\/spanish\/wp-json\/wp\/v2\/types\/post"}],"author":[{"embeddable":true,"href":"https:\/\/sevencircles.net\/spanish\/wp-json\/wp\/v2\/users\/1"}],"replies":[{"embeddable":true,"href":"https:\/\/sevencircles.net\/spanish\/wp-json\/wp\/v2\/comments?post=767"}],"version-history":[{"count":2,"href":"https:\/\/sevencircles.net\/spanish\/wp-json\/wp\/v2\/posts\/767\/revisions"}],"predecessor-version":[{"id":829,"href":"https:\/\/sevencircles.net\/spanish\/wp-json\/wp\/v2\/posts\/767\/revisions\/829"}],"wp:featuredmedia":[{"embeddable":true,"href":"https:\/\/sevencircles.net\/spanish\/wp-json\/wp\/v2\/media\/768"}],"wp:attachment":[{"href":"https:\/\/sevencircles.net\/spanish\/wp-json\/wp\/v2\/media?parent=767"}],"wp:term":[{"taxonomy":"category","embeddable":true,"href":"https:\/\/sevencircles.net\/spanish\/wp-json\/wp\/v2\/categories?post=767"},{"taxonomy":"post_tag","embeddable":true,"href":"https:\/\/sevencircles.net\/spanish\/wp-json\/wp\/v2\/tags?post=767"}],"curies":[{"name":"wp","href":"https:\/\/api.w.org\/{rel}","templated":true}]}}